{"id":1910,"date":"2026-05-03T04:33:00","date_gmt":"2026-05-03T04:33:00","guid":{"rendered":"https:\/\/parafia-suchowola.pl\/?p=1910"},"modified":"2026-05-02T19:56:48","modified_gmt":"2026-05-02T19:56:48","slug":"5-niedziela-wielkanocy-3-maja-2026-r","status":"publish","type":"post","link":"https:\/\/parafia-suchowola.pl\/index.php\/2026\/05\/03\/5-niedziela-wielkanocy-3-maja-2026-r\/","title":{"rendered":"5 Niedziela Wielkanocy, 3 maja 2026 r."},"content":{"rendered":"\n<ol class=\"wp-block-list\">\n<li> Zapraszamy wiernych, a szczeg\u00f3lnie dzieci z grupy komunijnej i starsze do udzia\u0142u w nabo\u017ce\u0144stwach majowych.<\/li>\n\n\n\n<li>W tym tygodniu po\u015bwi\u0119cenie p\u00f3l:<br>poniedzia\u0142ek \u2013 Branica Kolonia<br>wtorek \u2013 Branica p. lasem<br>\u015broda \u2013 Branica wie\u015b<br>czwartek \u2013 Jezioro<br>pi\u0105tek \u2013 Suchowola. <br>Wszystkie o 18<sup>00<\/sup> jedynie Suchowola o 17<sup>00<\/sup>.<\/li>\n\n\n\n<li>Przez ca\u0142y maj prowadzona b\u0119dzie zbi\u00f3rka ofiar do puszki na Wakacyjne Dzie\u0142a Pomocy Dzieciom \u2013 \u201eNadzieja Rado\u015bci\u201d.<\/li>\n\n\n\n<li>Dzi\u015b o 11<sup>30<\/sup><sub> \u2013 <\/sub>spotkanie grupy komunijnej.<\/li>\n\n\n\n<li><strong>B\u00f3g zap\u0142a\u0107 za ofiary<\/strong> z\u0142o\u017cone na remont ko\u015bcio\u0142a: bezimienna z Jeziora \u2013 1000z\u0142, Teresa i J\u00f3zef Czuba ze \u015awier\u017c\u00f3w \u2013 1000z\u0142, Ro\u017cen Kunegunda z Osiedla \u2013 1000z\u0142, bezimienna z Osiedla \u2013 300z\u0142, Skowro\u0144ska Maria z Osiedla \u2013 500z\u0142, Ryszard Fijalek z Kuraszewa \u2013 500z\u0142, Lucjan Matejek z Branicy Kol. \u2013 1000z\u0142, Momont J\u00f3zef z Jeziora \u2013 2000z\u0142, Janina i Zbigniew z Okalewa \u2013 1200z\u0142, \u0141opacka Irena z Jeziora \u2013 200z\u0142, Piotr Grochowski z Jeziora \u2013 1000z\u0142, Mackiewicz Krystyna z Jeziora \u2013 500z\u0142, Dorota i S\u0142awomir W\u0142oszek z Jeziora \u2013 1000z\u0142, Barbara i Stefan Lis z Suchowoli \u2013 1000z\u0142, Bezimiennie z W\u00f3lki \u2013 1000z\u0142, bezimiennie z Branicy wie\u015b \u2013 500zl, Barbara i S\u0142awomir Ma\u0144kowscy z Kuraszewa \u2013 1000z\u0142, bezimiennia z Jeziora \u2013 1000z\u0142, Jolanta i Adam Belniak z Kuraszewa \u2013 1000z\u0142, Halina Ziomek z Kuraszewa \u2013 1000z\u0142, Marian i Halina Kowalik z Jeziora \u2013 1000z\u0142, Krystyna W\u0142oszek z Suchowoli \u2013 500z\u0142, nowo\u017ce\u0144cy: Magdalena i Cezary \u2013 500z\u0142, Anna i Franciszek Belniak z Suchowoli \u2013 2000z\u0142, Lilla i Marek Kowalik z Kuraszewa \u2013 500z\u0142 \u0141ukasz i Anna Meksu\u0142a z Okalewa \u2013 1500zl, Genowefa Skulimowska z Kuraszewa \u2013 500z\u0142, Agnieszka Wawryszczuk z Branicy p. lasem \u2013 600z\u0142, Jerzy i Edyta Krupscy z W\u00f3lki Zunk\u00f3wki \u2013 1000zl, , Krzysztof \u0141azaruk z Okalewa \u2013 600z\u0142, Zofia \u0141azaruk z Okalewa &#8211; 500z\u0142, Halina Kowalik z Osiedla \u2013 1000z\u0142, bezimiennie \u2013 2000zl, Bezimiennie z Jeziora: 500z\u0142 i 5000z\u0142, Stanis\u0142aw Momont ze \u015awier\u017c\u00f3w \u2013 1000zl, Maria i Edward Kowalscy z W\u00f3lki \u2013 1000z\u0142, Kucio Stanislaw z W\u00f3lki \u2013 1000z\u0142, , Janina i Ryszard Kol\u0119da z Branicy \u2013 1000z\u0142. W tym tygodniu razem wp\u0142yn\u0119\u0142o 41200z\u0142. Niech dobry B\u00f3g wynagrodzi wszystkim ofiarodawcom.<\/li>\n<\/ol>\n","protected":false},"excerpt":{"rendered":"","protected":false},"author":1,"featured_media":0,"comment_status":"closed","ping_status":"","sticky":false,"template":"","format":"standard","meta":{"footnotes":""},"categories":[4],"tags":[],"class_list":["post-1910","post","type-post","status-publish","format-standard","hentry","category-ogloszenia-parafialne"],"_links":{"self":[{"href":"https:\/\/parafia-suchowola.pl\/index.php\/wp-json\/wp\/v2\/posts\/1910","targetHints":{"allow":["GET"]}}],"collection":[{"href":"https:\/\/parafia-suchowola.pl\/index.php\/wp-json\/wp\/v2\/posts"}],"about":[{"href":"https:\/\/parafia-suchowola.pl\/index.php\/wp-json\/wp\/v2\/types\/post"}],"author":[{"embeddable":true,"href":"https:\/\/parafia-suchowola.pl\/index.php\/wp-json\/wp\/v2\/users\/1"}],"replies":[{"embeddable":true,"href":"https:\/\/parafia-suchowola.pl\/index.php\/wp-json\/wp\/v2\/comments?post=1910"}],"version-history":[{"count":1,"href":"https:\/\/parafia-suchowola.pl\/index.php\/wp-json\/wp\/v2\/posts\/1910\/revisions"}],"predecessor-version":[{"id":1911,"href":"https:\/\/parafia-suchowola.pl\/index.php\/wp-json\/wp\/v2\/posts\/1910\/revisions\/1911"}],"wp:attachment":[{"href":"https:\/\/parafia-suchowola.pl\/index.php\/wp-json\/wp\/v2\/media?parent=1910"}],"wp:term":[{"taxonomy":"category","embeddable":true,"href":"https:\/\/parafia-suchowola.pl\/index.php\/wp-json\/wp\/v2\/categories?post=1910"},{"taxonomy":"post_tag","embeddable":true,"href":"https:\/\/parafia-suchowola.pl\/index.php\/wp-json\/wp\/v2\/tags?post=1910"}],"curies":[{"name":"wp","href":"https:\/\/api.w.org\/{rel}","templated":true}]}}